{"id":240,"date":"2014-02-24T12:55:00","date_gmt":"2014-02-24T09:55:00","guid":{"rendered":"https:\/\/kylat.ekarjala.fi\/kirjavalakesusmaa\/?p=240"},"modified":"2014-02-24T12:55:00","modified_gmt":"2014-02-24T09:55:00","slug":"vuosikokous-2","status":"publish","type":"post","link":"https:\/\/kylat.ekarjala.fi\/kirjavalakesusmaa\/2014\/02\/24\/vuosikokous-2\/","title":{"rendered":"Vuosikokous"},"content":{"rendered":"<p>Kyl\u00e4yhdistyksen s\u00e4\u00e4nt\u00f6m\u00e4\u00e4r\u00e4inen vuosikokous pidet\u00e4\u00e4n K\u00e4sity\u00f6koululla 23.3 2014 klo 13. Varsinaisen kokouksen j\u00e4lkeen Marja Jussila Etel\u00e4-Karjalan kyl\u00e4t ry:st\u00e4 kertoo meneill\u00e4\u00e4n olevasta Kyl\u00e4avuksi-hankkeesta. Hankkeen avulla on mahdollista j\u00e4rjest\u00e4\u00e4 kyl\u00e4avustaja toimintaa kylille. Tule mukaan kokoukseen tapaamaan tuttuja, p\u00e4\u00e4tt\u00e4m\u00e4\u00e4n ja kuulemaan asiaa hyv\u00e4st\u00e4 hankkeesta. Kakkukahvit.<\/p>\n","protected":false},"excerpt":{"rendered":"<p>Kyl\u00e4yhdistyksen s\u00e4\u00e4nt\u00f6m\u00e4\u00e4r\u00e4inen vuosikokous pidet\u00e4\u00e4n K\u00e4sity\u00f6koululla 23.3 2014 klo 13. Varsinaisen kokouksen j\u00e4lkeen Marja Jussila Etel\u00e4-Karjalan kyl\u00e4t ry:st\u00e4 kertoo meneill\u00e4\u00e4n olevasta Kyl\u00e4avuksi-hankkeesta. Hankkeen avulla on mahdollista j\u00e4rjest\u00e4\u00e4 kyl\u00e4avustaja toimintaa kylille. Tule mukaan kokoukseen tapaamaan tuttuja, p\u00e4\u00e4tt\u00e4m\u00e4\u00e4n ja kuulemaan asiaa hyv\u00e4st\u00e4 hankkeesta. &hellip; <a href=\"https:\/\/kylat.ekarjala.fi\/kirjavalakesusmaa\/2014\/02\/24\/vuosikokous-2\/\">Lue loppuun <span class=\"meta-nav\">&rarr;<\/span><\/a><\/p>\n","protected":false},"author":135,"featured_media":0,"comment_status":"open","ping_status":"closed","sticky":false,"template":"","format":"standard","meta":{"footnotes":""},"categories":[1],"tags":[],"class_list":["post-240","post","type-post","status-publish","format-standard","hentry","category-yleinen"],"_links":{"self":[{"href":"https:\/\/kylat.ekarjala.fi\/kirjavalakesusmaa\/wp-json\/wp\/v2\/posts\/240","targetHints":{"allow":["GET"]}}],"collection":[{"href":"https:\/\/kylat.ekarjala.fi\/kirjavalakesusmaa\/wp-json\/wp\/v2\/posts"}],"about":[{"href":"https:\/\/kylat.ekarjala.fi\/kirjavalakesusmaa\/wp-json\/wp\/v2\/types\/post"}],"author":[{"embeddable":true,"href":"https:\/\/kylat.ekarjala.fi\/kirjavalakesusmaa\/wp-json\/wp\/v2\/users\/135"}],"replies":[{"embeddable":true,"href":"https:\/\/kylat.ekarjala.fi\/kirjavalakesusmaa\/wp-json\/wp\/v2\/comments?post=240"}],"version-history":[{"count":1,"href":"https:\/\/kylat.ekarjala.fi\/kirjavalakesusmaa\/wp-json\/wp\/v2\/posts\/240\/revisions"}],"predecessor-version":[{"id":241,"href":"https:\/\/kylat.ekarjala.fi\/kirjavalakesusmaa\/wp-json\/wp\/v2\/posts\/240\/revisions\/241"}],"wp:attachment":[{"href":"https:\/\/kylat.ekarjala.fi\/kirjavalakesusmaa\/wp-json\/wp\/v2\/media?parent=240"}],"wp:term":[{"taxonomy":"category","embeddable":true,"href":"https:\/\/kylat.ekarjala.fi\/kirjavalakesusmaa\/wp-json\/wp\/v2\/categories?post=240"},{"taxonomy":"post_tag","embeddable":true,"href":"https:\/\/kylat.ekarjala.fi\/kirjavalakesusmaa\/wp-json\/wp\/v2\/tags?post=240"}],"curies":[{"name":"wp","href":"https:\/\/api.w.org\/{rel}","templated":true}]}}